{"id":4515,"date":"2018-07-13T18:56:08","date_gmt":"2018-07-13T16:56:08","guid":{"rendered":"https:\/\/www.museebolo.ch\/?p=4515"},"modified":"2019-06-22T15:50:48","modified_gmt":"2019-06-22T13:50:48","slug":"rapport-davancement-mai-juin-2018","status":"publish","type":"post","link":"https:\/\/www.museebolo.ch\/en\/rapport-davancement-mai-juin-2018\/","title":{"rendered":"Rapport d\u2019avancement du Mus\u00e9e Bolo \u2013 Mai\/Juin 2018"},"content":{"rendered":"<h2>Bussigny<\/h2>\n<h3>Cela fait de nombreuses ann\u00e9es que nous cherchons \u00e0 professionnaliser le mus\u00e9e et poss\u00e9der de v\u00e9ritables locaux pour exposer et entreposer notre collection.<\/h3>\n<p>Ces derniers temps, les discussions avec la commune de Bussigny-sur-Lausanne ont \u00e9t\u00e9 plus que constructives: la Municipalit\u00e9 nous proposait de participer \u00e0 un projet d&#8217;am\u00e9nagement culturel au sein d&#8217;un quartier en devenir. Le mus\u00e9e ferait alors partie d&#8217;un b\u00e2timent regroupant aussi une salle de conf\u00e9rence\/spectacle et un restaurant.<\/p>\n<p>Ce projet serait port\u00e9 financi\u00e8rement \u00e0 moiti\u00e9 par la commune et l&#8217;autre moiti\u00e9 par la Fondation M\u00e9moires Informatiques qui est propri\u00e9taire de la collection du Mus\u00e9e Bolo.<\/p>\n<p>La premi\u00e8re \u00e9tape de ce projet passait par le vote au Conseil communal d&#8217;un cr\u00e9dit de 300&#8217;000 CHF pour la r\u00e9alisation d&#8217;une \u00e9tude d&#8217;architecte. <a href=\"https:\/\/m.24heures.ch\/articles\/5b0beb69ab5c370c73000001\">Apr\u00e8s une soir\u00e9e riche en \u00e9motions<\/a>, le pr\u00e9avis a \u00e9t\u00e9 adopt\u00e9.<\/p>\n<blockquote class=\"twitter-tweet\" data-width=\"550\" data-dnt=\"true\">\n<p lang=\"fr\" dir=\"ltr\">VD: espace mus\u00e9al probable a Bussigny <a href=\"https:\/\/t.co\/UuZJir55EC\">pic.twitter.com\/UuZJir55EC<\/a><\/p>\n<p>&mdash; Teletext (@TeletextCH) <a href=\"https:\/\/twitter.com\/TeletextCH\/status\/1000317028119535616?ref_src=twsrc%5Etfw\">May 26, 2018<\/a><\/p><\/blockquote>\n<p><script async src=\"https:\/\/platform.twitter.com\/widgets.js\" charset=\"utf-8\"><\/script><\/p>\n<p>N\u00e9anmoins, cette premi\u00e8re \u00e9tape n&#8217;est pas compl\u00e8tement franchie. En effet, un comit\u00e9 r\u00e9f\u00e9rendaire s&#8217;est constitu\u00e9 et la collecte de signatures a atteint le seuil n\u00e9cessaire. Un r\u00e9f\u00e9rendum communal est donc pr\u00e9vu en septembre et la population de Bussigny sera appel\u00e9e \u00e0 se prononcer.<\/p>\n<hr \/>\n<h2>Collection Andr\u00e9 Heitz DEC\/PDP<\/h2>\n<p>Comme indiqu\u00e9 dans notre <a href=\"https:\/\/www.museebolo.ch\/?p=4357\">pr\u00e9c\u00e9dent rapport<\/a>, nous avons la chance d&#8217;avoir re\u00e7u comme don la collection personnelle de Monsieur Andr\u00e9 Heitz. Les \u00ab petites \u00bb pi\u00e8ces avaient d\u00e9j\u00e0 pu \u00eatre transport\u00e9es par nos propres moyens, mais le reste de la collection n\u00e9cessitait le recours \u00e0 un transporteur professionnel. Sur conseil de Monsieur Heitz, nous avons fait appel \u00e0 <i>Maurice Tornay D\u00e9m\u00e9nagement SA<\/i> et nous avons r\u00e9alis\u00e9 le d\u00e9m\u00e9nagement le lundi 28 mai avec la participation de quelques membres de l&#8217;association.<\/p>\n<figure id=\"attachment_4526\" aria-describedby=\"caption-attachment-4526\" style=\"width: 840px\" class=\"wp-caption alignnone\"><a href=\"https:\/\/www.museebolo.ch\/wp-content\/uploads\/2018\/07\/445417137_367366.jpg\"><img decoding=\"async\" class=\"wp-image-4526 size-large\" src=\"https:\/\/www.museebolo.ch\/wp-content\/uploads\/2018\/07\/445417137_367366-1024x576.jpg\" alt=\"Le camion de Tornay SA\" width=\"840\" height=\"473\" srcset=\"https:\/\/www.museebolo.ch\/wp-content\/uploads\/2018\/07\/445417137_367366-1024x576.jpg 1024w, https:\/\/www.museebolo.ch\/wp-content\/uploads\/2018\/07\/445417137_367366-300x169.jpg 300w, https:\/\/www.museebolo.ch\/wp-content\/uploads\/2018\/07\/445417137_367366-768x432.jpg 768w, https:\/\/www.museebolo.ch\/wp-content\/uploads\/2018\/07\/445417137_367366.jpg 1280w\" sizes=\"(max-width: 840px) 100vw, 840px\" \/><\/a><figcaption id=\"caption-attachment-4526\" class=\"wp-caption-text\">Le camion de Tornay SA<\/figcaption><\/figure>\n<figure id=\"attachment_4546\" aria-describedby=\"caption-attachment-4546\" style=\"width: 768px\" class=\"wp-caption alignnone\"><a href=\"https:\/\/www.museebolo.ch\/wp-content\/uploads\/2018\/07\/446719824_122465.jpg\"><img decoding=\"async\" class=\"wp-image-4546 size-large\" src=\"https:\/\/www.museebolo.ch\/wp-content\/uploads\/2018\/07\/446719824_122465-768x1024.jpg\" alt=\"Les machines qui se pr\u00e9parent avant le voyage\" width=\"768\" height=\"1024\" srcset=\"https:\/\/www.museebolo.ch\/wp-content\/uploads\/2018\/07\/446719824_122465-768x1024.jpg 768w, https:\/\/www.museebolo.ch\/wp-content\/uploads\/2018\/07\/446719824_122465-225x300.jpg 225w, https:\/\/www.museebolo.ch\/wp-content\/uploads\/2018\/07\/446719824_122465.jpg 900w\" sizes=\"(max-width: 768px) 100vw, 768px\" \/><\/a><figcaption id=\"caption-attachment-4546\" class=\"wp-caption-text\">Les machines qui se pr\u00e9parent avant le voyage<\/figcaption><\/figure>\n<figure id=\"attachment_4544\" aria-describedby=\"caption-attachment-4544\" style=\"width: 768px\" class=\"wp-caption alignnone\"><a href=\"https:\/\/www.museebolo.ch\/wp-content\/uploads\/2018\/07\/446625185_123046.jpg\"><img decoding=\"async\" class=\"wp-image-4544 size-large\" src=\"https:\/\/www.museebolo.ch\/wp-content\/uploads\/2018\/07\/446625185_123046-768x1024.jpg\" alt=\"Le ballet des PDP\" width=\"768\" height=\"1024\" srcset=\"https:\/\/www.museebolo.ch\/wp-content\/uploads\/2018\/07\/446625185_123046-768x1024.jpg 768w, https:\/\/www.museebolo.ch\/wp-content\/uploads\/2018\/07\/446625185_123046-225x300.jpg 225w, https:\/\/www.museebolo.ch\/wp-content\/uploads\/2018\/07\/446625185_123046.jpg 900w\" sizes=\"(max-width: 768px) 100vw, 768px\" \/><\/a><figcaption id=\"caption-attachment-4544\" class=\"wp-caption-text\">Le ballet des PDP<\/figcaption><\/figure>\n<figure id=\"attachment_4548\" aria-describedby=\"caption-attachment-4548\" style=\"width: 840px\" class=\"wp-caption alignnone\"><a href=\"https:\/\/www.museebolo.ch\/wp-content\/uploads\/2018\/07\/428926857_159243.jpg\"><img decoding=\"async\" class=\"wp-image-4548 size-large\" src=\"https:\/\/www.museebolo.ch\/wp-content\/uploads\/2018\/07\/428926857_159243-1024x768.jpg\" alt=\"La famille r\u00e9unie dans notre local de Chavannes\" width=\"840\" height=\"630\" srcset=\"https:\/\/www.museebolo.ch\/wp-content\/uploads\/2018\/07\/428926857_159243-1024x768.jpg 1024w, https:\/\/www.museebolo.ch\/wp-content\/uploads\/2018\/07\/428926857_159243-300x225.jpg 300w, https:\/\/www.museebolo.ch\/wp-content\/uploads\/2018\/07\/428926857_159243-768x576.jpg 768w, https:\/\/www.museebolo.ch\/wp-content\/uploads\/2018\/07\/428926857_159243.jpg 1280w\" sizes=\"(max-width: 840px) 100vw, 840px\" \/><\/a><figcaption id=\"caption-attachment-4548\" class=\"wp-caption-text\">La famille r\u00e9unie dans notre local de Chavannes<\/figcaption><\/figure>\n<p>Les pi\u00e8ces majeures de la collection sont donc maintenant stock\u00e9es dans notre local de Chavannes, dans leurs manteaux de protection en plastique.<\/p>\n<hr \/>\n<h1>\u00c9v\u00e9nements<\/h1>\n<p>Voici les \u00e9v\u00e9nements que nous avons organis\u00e9 ou auxquels nous avons particip\u00e9 durant mai et juin.<\/p>\n<h2>Ouf Party 5<\/h2>\n<p>Une d\u00e9l\u00e9gation de l&#8217;aBCM s&#8217;est rendu en Valais, \u00e0 Martigny, pour la Ouf Party 2018. Cet \u00e9v\u00e9nement annuel organis\u00e9 par l&#8217;OCCC (l&#8217;Old Computers and Consoles Club) avait comme th\u00e8me pour cette \u00e9dition: <i>Atari. <\/i>Nous avons donc pr\u00e9parer nos plus belles pi\u00e8ces pour l&#8217;occasion et vous en saurez plus en <a href=\"https:\/\/www.museebolo.ch\/?p=4465\">lisant notre article sur l&#8217;\u00e9v\u00e9nement<\/a>.<\/p>\n<h2>Finale des Jeux Math\u00e9matiques 2018<\/h2>\n<p>Comme pour la demi-finale, l&#8217;EPFL \u00e9tait centre d&#8217;examen pour les Jeux Math\u00e9matiques. Nous avons \u00e9t\u00e9 une nouvelle fois solliciter par l&#8217;EPFL pour fournir une activit\u00e9 aux nombreux candidats et accompagnants. Nous avions, comme pour la demi-finale, une <i>game lounge <\/i>sur le th\u00e8me des jeux de puzzle et de r\u00e9flexion.<\/p>\n<figure id=\"attachment_4533\" aria-describedby=\"caption-attachment-4533\" style=\"width: 840px\" class=\"wp-caption alignnone\"><a href=\"https:\/\/www.museebolo.ch\/wp-content\/uploads\/2018\/07\/445740318_121085.jpg\"><img decoding=\"async\" class=\"wp-image-4533 size-large\" src=\"https:\/\/www.museebolo.ch\/wp-content\/uploads\/2018\/07\/445740318_121085-1024x768.jpg\" alt=\"Affiche informative pour la finale des Jeux Math\u00e9matiques\" width=\"840\" height=\"630\" srcset=\"https:\/\/www.museebolo.ch\/wp-content\/uploads\/2018\/07\/445740318_121085-1024x768.jpg 1024w, https:\/\/www.museebolo.ch\/wp-content\/uploads\/2018\/07\/445740318_121085-300x225.jpg 300w, https:\/\/www.museebolo.ch\/wp-content\/uploads\/2018\/07\/445740318_121085-768x576.jpg 768w, https:\/\/www.museebolo.ch\/wp-content\/uploads\/2018\/07\/445740318_121085.jpg 1280w\" sizes=\"(max-width: 840px) 100vw, 840px\" \/><\/a><figcaption id=\"caption-attachment-4533\" class=\"wp-caption-text\">Affiche informative pour la finale des Jeux Math\u00e9matiques<\/figcaption><\/figure>\n<figure id=\"attachment_4561\" aria-describedby=\"caption-attachment-4561\" style=\"width: 840px\" class=\"wp-caption alignnone\"><a href=\"https:\/\/www.museebolo.ch\/wp-content\/uploads\/2018\/07\/DSC02993.jpg\"><img decoding=\"async\" class=\"wp-image-4561 size-large\" src=\"https:\/\/www.museebolo.ch\/wp-content\/uploads\/2018\/07\/DSC02993-1024x685.jpg\" alt=\"Klax sur SEGA Megadrive\" width=\"840\" height=\"562\" srcset=\"https:\/\/www.museebolo.ch\/wp-content\/uploads\/2018\/07\/DSC02993-1024x685.jpg 1024w, https:\/\/www.museebolo.ch\/wp-content\/uploads\/2018\/07\/DSC02993-300x201.jpg 300w, https:\/\/www.museebolo.ch\/wp-content\/uploads\/2018\/07\/DSC02993-768x514.jpg 768w, https:\/\/www.museebolo.ch\/wp-content\/uploads\/2018\/07\/DSC02993.jpg 1600w\" sizes=\"(max-width: 840px) 100vw, 840px\" \/><\/a><figcaption id=\"caption-attachment-4561\" class=\"wp-caption-text\"><em>Klax<\/em> sur SEGA Megadrive<\/figcaption><\/figure>\n<figure id=\"attachment_4562\" aria-describedby=\"caption-attachment-4562\" style=\"width: 840px\" class=\"wp-caption alignnone\"><a href=\"https:\/\/www.museebolo.ch\/wp-content\/uploads\/2018\/07\/DSC02995.jpg\"><img decoding=\"async\" class=\"wp-image-4562 size-large\" src=\"https:\/\/www.museebolo.ch\/wp-content\/uploads\/2018\/07\/DSC02995-1024x685.jpg\" alt=\"Pac-man Vs. sur Gamecube qui intrigue avec son gameplay asym\u00e9trique\" width=\"840\" height=\"562\" srcset=\"https:\/\/www.museebolo.ch\/wp-content\/uploads\/2018\/07\/DSC02995-1024x685.jpg 1024w, https:\/\/www.museebolo.ch\/wp-content\/uploads\/2018\/07\/DSC02995-300x201.jpg 300w, https:\/\/www.museebolo.ch\/wp-content\/uploads\/2018\/07\/DSC02995-768x514.jpg 768w, https:\/\/www.museebolo.ch\/wp-content\/uploads\/2018\/07\/DSC02995.jpg 1600w\" sizes=\"(max-width: 840px) 100vw, 840px\" \/><\/a><figcaption id=\"caption-attachment-4562\" class=\"wp-caption-text\"><em>Pac-man Vs.<\/em> sur Nintendo Gamecube qui intrigue avec son gameplay asym\u00e9trique<\/figcaption><\/figure>\n<figure id=\"attachment_4563\" aria-describedby=\"caption-attachment-4563\" style=\"width: 840px\" class=\"wp-caption alignnone\"><a href=\"https:\/\/www.museebolo.ch\/wp-content\/uploads\/2018\/07\/DSC03004.jpg\"><img decoding=\"async\" class=\"wp-image-4563 size-large\" src=\"https:\/\/www.museebolo.ch\/wp-content\/uploads\/2018\/07\/DSC03004-1024x685.jpg\" alt=\"Pac-man Vs. - La vue c\u00f4t\u00e9 Pac-man\" width=\"840\" height=\"562\" srcset=\"https:\/\/www.museebolo.ch\/wp-content\/uploads\/2018\/07\/DSC03004-1024x685.jpg 1024w, https:\/\/www.museebolo.ch\/wp-content\/uploads\/2018\/07\/DSC03004-300x201.jpg 300w, https:\/\/www.museebolo.ch\/wp-content\/uploads\/2018\/07\/DSC03004-768x514.jpg 768w, https:\/\/www.museebolo.ch\/wp-content\/uploads\/2018\/07\/DSC03004.jpg 1600w\" sizes=\"(max-width: 840px) 100vw, 840px\" \/><\/a><figcaption id=\"caption-attachment-4563\" class=\"wp-caption-text\"><em>Pac-man Vs.<\/em> &#8211; La vue c\u00f4t\u00e9 Pac-man<\/figcaption><\/figure>\n<h2>Soir\u00e9e Sp\u00e9ciale &#8211; &#8217;18 avec PolyJapan<\/h2>\n<p>Nous avons \u00e9t\u00e9 invit\u00e9 par l&#8217;association <a href=\"https:\/\/twitter.com\/polyjapan\">PolyJapan<\/a> \u00e0 participer \u00e0 la Soir\u00e9e Sp\u00e9ciale, \u00e9v\u00e9nement annuel se d\u00e9roulant en fin d&#8217;ann\u00e9e universitaire, avec plusieurs activit\u00e9s telles que la diffusion de films d&#8217;animation japonaise ou des tournois de jeux vid\u00e9o. La s\u00e9lection de jeux, \u00e9labor\u00e9e avec les organisateurs, avait pour axe les jeux multi-joueurs comp\u00e9titifs comme <em>Super Smash Bros.<\/em> sur Nintendo 64 ou <em>Bomberman<\/em> sur SNES. Une Wii U avait \u00e9galement \u00e9t\u00e9 pr\u00e9par\u00e9 avec les jeux de la s\u00e9rie <em>Just Dance.<\/em><\/p>\n<figure id=\"attachment_4565\" aria-describedby=\"caption-attachment-4565\" style=\"width: 840px\" class=\"wp-caption alignnone\"><a href=\"https:\/\/www.museebolo.ch\/wp-content\/uploads\/2018\/07\/photo_2018-05-09_20-34-44.jpg\"><img decoding=\"async\" class=\"wp-image-4565 size-large\" src=\"https:\/\/www.museebolo.ch\/wp-content\/uploads\/2018\/07\/photo_2018-05-09_20-34-44-1024x576.jpg\" alt=\"Soir\u00e9e Sp\u00e9ciale '18 organis\u00e9e par l'association PolyJapan\" width=\"840\" height=\"473\" srcset=\"https:\/\/www.museebolo.ch\/wp-content\/uploads\/2018\/07\/photo_2018-05-09_20-34-44-1024x576.jpg 1024w, https:\/\/www.museebolo.ch\/wp-content\/uploads\/2018\/07\/photo_2018-05-09_20-34-44-300x169.jpg 300w, https:\/\/www.museebolo.ch\/wp-content\/uploads\/2018\/07\/photo_2018-05-09_20-34-44-768x432.jpg 768w, https:\/\/www.museebolo.ch\/wp-content\/uploads\/2018\/07\/photo_2018-05-09_20-34-44.jpg 1280w\" sizes=\"(max-width: 840px) 100vw, 840px\" \/><\/a><figcaption id=\"caption-attachment-4565\" class=\"wp-caption-text\">Soir\u00e9e Sp\u00e9ciale &#8217;18 organis\u00e9e par l&#8217;association PolyJapan<\/figcaption><\/figure>\n<h2>Soir\u00e9e Jeux de soci\u00e9t\u00e9s et jeux vid\u00e9o avec Pixels<\/h2>\n<p>L&#8217;association de culture vid\u00e9o-ludique UNIL &#8211; EPFL <a href=\"https:\/\/twitter.com\/Pixelsunilepfl\"><em>Pixels<\/em> <\/a>nous a sollicit\u00e9 pour participer \u00e0 l&#8217;une de leurs soir\u00e9es. Nous leur avons laiss\u00e9 le choix des plateformes et des jeux et le th\u00e8me &#8220;<a href=\"https:\/\/fr.wikipedia.org\/wiki\/Consoles_de_jeux_vid%C3%A9o_de_sixi%C3%A8me_g%C3%A9n%C3%A9ration\">Consoles de sixi\u00e8me g\u00e9n\u00e9ration<\/a>&#8221; fut choisi. Nous avons surtout d\u00e9velopp\u00e9 la <a href=\"https:\/\/fr.wikipedia.org\/wiki\/PlayStation_2\"><b>PlayStation 2<\/b><\/a> et avons propos\u00e9 des jeux embl\u00e9matiques de cette console et de l&#8217;\u00e9poque: les s\u00e9ries <em><a href=\"https:\/\/fr.wikipedia.org\/wiki\/Guitar_Hero_(s%C3%A9rie)\">Guitar Hero<\/a><\/em>, <em><a href=\"https:\/\/fr.wikipedia.org\/wiki\/Jak_and_Daxter_(s%C3%A9rie)\">Jak and Daxter<\/a><\/em>, <em><a href=\"https:\/\/fr.wikipedia.org\/wiki\/Ratchet_and_Clank\">Ratchet and Clank<\/a><\/em> et bien d&#8217;autres encore&#8230;<\/p>\n<p>Cette soir\u00e9e \u00e9tait notre premi\u00e8re v\u00e9ritable collaboration avec l&#8217;association Pixels et nous nous r\u00e9jouissons de pouvoir travailler \u00e0 nouveau avec eux \u00e0 l&#8217;avenir.<\/p>\n<h2>A bit of [hi]story<\/h2>\n<p>Une petit d\u00e9l\u00e9gation de l&#8217;association s&#8217;est rendue \u00e0 Turin en Italie pour cet \u00e9v\u00e9nement de grande ampleur. Les visiteurs ont pu admirer le fruit de la recherche de l&#8217;EPFL via le Smaky ou les Logidules. Nous avons aussi pu constater que des initiatives similaires \u00e0 la n\u00f4tre sont bien vivantes outre-alpes et avons m\u00eame eu le privil\u00e8ge d&#8217;\u00eatre film\u00e9s par la t\u00e9l\u00e9vision publique italienne, la <a href=\"http:\/\/rai.it\/\">Rai<\/a>.<\/p>\n<figure id=\"attachment_4524\" aria-describedby=\"caption-attachment-4524\" style=\"width: 768px\" class=\"wp-caption alignnone\"><a href=\"https:\/\/www.museebolo.ch\/wp-content\/uploads\/2018\/07\/445401902_347305.jpg\"><img decoding=\"async\" class=\"wp-image-4524 size-large\" src=\"https:\/\/www.museebolo.ch\/wp-content\/uploads\/2018\/07\/445401902_347305-768x1024.jpg\" alt=\"De tr\u00e8s nombreux sponsors, m\u00e9c\u00e8nes et participants.\" width=\"768\" height=\"1024\" srcset=\"https:\/\/www.museebolo.ch\/wp-content\/uploads\/2018\/07\/445401902_347305-768x1024.jpg 768w, https:\/\/www.museebolo.ch\/wp-content\/uploads\/2018\/07\/445401902_347305-225x300.jpg 225w, https:\/\/www.museebolo.ch\/wp-content\/uploads\/2018\/07\/445401902_347305.jpg 900w\" sizes=\"(max-width: 768px) 100vw, 768px\" \/><\/a><figcaption id=\"caption-attachment-4524\" class=\"wp-caption-text\">De tr\u00e8s nombreux sponsors, m\u00e9c\u00e8nes et participants.<\/figcaption><\/figure>\n<figure id=\"attachment_4530\" aria-describedby=\"caption-attachment-4530\" style=\"width: 840px\" class=\"wp-caption alignnone\"><a href=\"https:\/\/www.museebolo.ch\/wp-content\/uploads\/2018\/07\/445603640_347325.jpg\"><img decoding=\"async\" class=\"wp-image-4530 size-large\" src=\"https:\/\/www.museebolo.ch\/wp-content\/uploads\/2018\/07\/445603640_347325-1024x1024.jpg\" alt=\"Une petite partie de flipper sur un Smaky, film\u00e9 par la Rai\" width=\"840\" height=\"840\" srcset=\"https:\/\/www.museebolo.ch\/wp-content\/uploads\/2018\/07\/445603640_347325-1024x1024.jpg 1024w, https:\/\/www.museebolo.ch\/wp-content\/uploads\/2018\/07\/445603640_347325-150x150.jpg 150w, https:\/\/www.museebolo.ch\/wp-content\/uploads\/2018\/07\/445603640_347325-300x300.jpg 300w, https:\/\/www.museebolo.ch\/wp-content\/uploads\/2018\/07\/445603640_347325-768x768.jpg 768w, https:\/\/www.museebolo.ch\/wp-content\/uploads\/2018\/07\/445603640_347325.jpg 1200w\" sizes=\"(max-width: 840px) 100vw, 840px\" \/><\/a><figcaption id=\"caption-attachment-4530\" class=\"wp-caption-text\">Une petite partie de flipper sur un Smaky, film\u00e9e par la Rai<\/figcaption><\/figure>\n<figure id=\"attachment_4542\" aria-describedby=\"caption-attachment-4542\" style=\"width: 840px\" class=\"wp-caption alignnone\"><a href=\"https:\/\/www.museebolo.ch\/wp-content\/uploads\/2018\/07\/446535862_103480.jpg\"><img decoding=\"async\" class=\"wp-image-4542 size-large\" src=\"https:\/\/www.museebolo.ch\/wp-content\/uploads\/2018\/07\/446535862_103480-1024x1024.jpg\" alt=\"L'informatique, c'est aussi de l'art. Ici sur Smaky.\" width=\"840\" height=\"840\" srcset=\"https:\/\/www.museebolo.ch\/wp-content\/uploads\/2018\/07\/446535862_103480-1024x1024.jpg 1024w, https:\/\/www.museebolo.ch\/wp-content\/uploads\/2018\/07\/446535862_103480-150x150.jpg 150w, https:\/\/www.museebolo.ch\/wp-content\/uploads\/2018\/07\/446535862_103480-300x300.jpg 300w, https:\/\/www.museebolo.ch\/wp-content\/uploads\/2018\/07\/446535862_103480-768x768.jpg 768w, https:\/\/www.museebolo.ch\/wp-content\/uploads\/2018\/07\/446535862_103480.jpg 1200w\" sizes=\"(max-width: 840px) 100vw, 840px\" \/><\/a><figcaption id=\"caption-attachment-4542\" class=\"wp-caption-text\">L&#8217;informatique, c&#8217;est aussi de l&#8217;art. Ici sur Smaky.<\/figcaption><\/figure>\n<figure id=\"attachment_4536\" aria-describedby=\"caption-attachment-4536\" style=\"width: 768px\" class=\"wp-caption alignnone\"><a href=\"https:\/\/www.museebolo.ch\/wp-content\/uploads\/2018\/07\/446304077_102080.jpg\"><img decoding=\"async\" class=\"wp-image-4536 size-large\" src=\"https:\/\/www.museebolo.ch\/wp-content\/uploads\/2018\/07\/446304077_102080-768x1024.jpg\" alt=\"Smaky et Logidules\" width=\"768\" height=\"1024\" srcset=\"https:\/\/www.museebolo.ch\/wp-content\/uploads\/2018\/07\/446304077_102080-768x1024.jpg 768w, https:\/\/www.museebolo.ch\/wp-content\/uploads\/2018\/07\/446304077_102080-225x300.jpg 225w, https:\/\/www.museebolo.ch\/wp-content\/uploads\/2018\/07\/446304077_102080.jpg 900w\" sizes=\"(max-width: 768px) 100vw, 768px\" \/><\/a><figcaption id=\"caption-attachment-4536\" class=\"wp-caption-text\">Smaky et Logidules<\/figcaption><\/figure>\n<figure id=\"attachment_4550\" aria-describedby=\"caption-attachment-4550\" style=\"width: 840px\" class=\"wp-caption alignnone\"><a href=\"https:\/\/www.museebolo.ch\/wp-content\/uploads\/2018\/07\/439637133_205520.jpg\"><img decoding=\"async\" class=\"wp-image-4550 size-large\" src=\"https:\/\/www.museebolo.ch\/wp-content\/uploads\/2018\/07\/439637133_205520-1024x770.jpg\" alt=\" Merci \u00e0 l'organisateur\" width=\"840\" height=\"632\" srcset=\"https:\/\/www.museebolo.ch\/wp-content\/uploads\/2018\/07\/439637133_205520-1024x770.jpg 1024w, https:\/\/www.museebolo.ch\/wp-content\/uploads\/2018\/07\/439637133_205520-300x225.jpg 300w, https:\/\/www.museebolo.ch\/wp-content\/uploads\/2018\/07\/439637133_205520-768x577.jpg 768w, https:\/\/www.museebolo.ch\/wp-content\/uploads\/2018\/07\/439637133_205520.jpg 1280w\" sizes=\"(max-width: 840px) 100vw, 840px\" \/><\/a><figcaption id=\"caption-attachment-4550\" class=\"wp-caption-text\">Merci \u00e0 l&#8217;organisateur<\/figcaption><\/figure>\n<hr \/>\n<h1>Prochains \u00e9v\u00e9nements<\/h1>\n<h2>Numerik Games 2018<\/h2>\n<p>Le Mus\u00e9e Bolo sera pr\u00e9sent, comme chaque ann\u00e9e, au Numerik Games Festival avec l&#8217;animation &#8220;Jeux d&#8217;anthologie et gros pixels !&#8221;. Nous pr\u00e9senterons des ordinateurs et jeux phares des ann\u00e9es 70 et 80.<\/p>\n<blockquote class=\"twitter-tweet\" data-width=\"550\" data-dnt=\"true\">\n<p lang=\"fr\" dir=\"ltr\">Jeux d&#39;anthologie et gros pixels ! \ud83d\udd79\ufe0f Numerik Games Festival, Yverdon-les-Bains, August 24-26, 2018 <a href=\"https:\/\/twitter.com\/numerikgames?ref_src=twsrc%5Etfw\">@numerikgames<\/a> <a href=\"https:\/\/t.co\/N5LaBxlx6T\">https:\/\/t.co\/N5LaBxlx6T<\/a> <a href=\"https:\/\/t.co\/XrsFWnA2ED\">pic.twitter.com\/XrsFWnA2ED<\/a><\/p>\n<p>&mdash; Mus\u00e9e Bolo (@museebolo) <a href=\"https:\/\/twitter.com\/museebolo\/status\/1016924345912975361?ref_src=twsrc%5Etfw\">July 11, 2018<\/a><\/p><\/blockquote>\n<p><script async src=\"https:\/\/platform.twitter.com\/widgets.js\" charset=\"utf-8\"><\/script><\/p>\n<h2>Nuit des Mus\u00e9es 2018<\/h2>\n<p>Le Mus\u00e9e Bolo ouvrira ces portes une nouvelle fois cette ann\u00e9e pour la <a href=\"http:\/\/www.lanuitdesmusees.ch\/\">Nuit des Mus\u00e9es<\/a> le samedi 22 septembre. Nous pr\u00e9parons un grand cru mais chut&#8230;<\/p>\n<h2>Don et d\u00e9m\u00e9nagement de la collection de Bernard<\/h2>\n<p>Notre ami Bernard nous sollicitant depuis plusieurs mois maintenant, nous allons lui rendre visite pour aller chercher sa collection fin juillet. Nous manquerons pas de prendre des photos et de partager cette nouvelle aventure avec vous.<\/p>\n<h2>Changements dans le local EPFL<\/h2>\n<p>Bien que tr\u00e8s occup\u00e9s ces derniers temps, les membres de l&#8217;association ont d\u00e9cid\u00e9 de r\u00e9am\u00e9nager le local de l&#8217;EPFL pour lui mettre plus de grandes \u00e9tag\u00e8res oranges qui ont une tr\u00e8s grande capacit\u00e9 de stockage. La difficult\u00e9 aura \u00e9t\u00e9 de vider les meubles existants, de sortir leur contenu pour pouvoir monter les nouvelles \u00e9tag\u00e8res. Un mus\u00e9e est un jeu de Tetris permanent&#8230;<\/p>\n<figure id=\"attachment_4545\" aria-describedby=\"caption-attachment-4545\" style=\"width: 768px\" class=\"wp-caption alignnone\"><a href=\"https:\/\/www.museebolo.ch\/wp-content\/uploads\/2018\/07\/446627853_135338.jpg\"><img decoding=\"async\" class=\"wp-image-4545 size-large\" src=\"https:\/\/www.museebolo.ch\/wp-content\/uploads\/2018\/07\/446627853_135338-768x1024.jpg\" alt=\"Apr\u00e8s avoir fait de la place, on peut enfin monter les \u00e9tag\u00e8res.\" width=\"768\" height=\"1024\" srcset=\"https:\/\/www.museebolo.ch\/wp-content\/uploads\/2018\/07\/446627853_135338-768x1024.jpg 768w, https:\/\/www.museebolo.ch\/wp-content\/uploads\/2018\/07\/446627853_135338-225x300.jpg 225w, https:\/\/www.museebolo.ch\/wp-content\/uploads\/2018\/07\/446627853_135338.jpg 900w\" sizes=\"(max-width: 768px) 100vw, 768px\" \/><\/a><figcaption id=\"caption-attachment-4545\" class=\"wp-caption-text\">Apr\u00e8s avoir fait de la place, on peut enfin monter les \u00e9tag\u00e8res.<\/figcaption><\/figure>\n<figure id=\"attachment_4532\" aria-describedby=\"caption-attachment-4532\" style=\"width: 840px\" class=\"wp-caption alignnone\"><a href=\"https:\/\/www.museebolo.ch\/wp-content\/uploads\/2018\/07\/445729139_180381.jpg\"><img decoding=\"async\" class=\"wp-image-4532 size-large\" src=\"https:\/\/www.museebolo.ch\/wp-content\/uploads\/2018\/07\/445729139_180381-1024x239.jpg\" alt=\"Notre local \u00e0 l'EPFL en juin 2018\" width=\"840\" height=\"196\" srcset=\"https:\/\/www.museebolo.ch\/wp-content\/uploads\/2018\/07\/445729139_180381-1024x239.jpg 1024w, https:\/\/www.museebolo.ch\/wp-content\/uploads\/2018\/07\/445729139_180381-300x70.jpg 300w, https:\/\/www.museebolo.ch\/wp-content\/uploads\/2018\/07\/445729139_180381-768x179.jpg 768w, https:\/\/www.museebolo.ch\/wp-content\/uploads\/2018\/07\/445729139_180381.jpg 1098w\" sizes=\"(max-width: 840px) 100vw, 840px\" \/><\/a><figcaption id=\"caption-attachment-4532\" class=\"wp-caption-text\">Notre local \u00e0 l&#8217;EPFL en juin 2018<\/figcaption><\/figure>\n<p>Nous avons maintenant aussi un nouveau r\u00e9frig\u00e9rateur, \u00e9l\u00e9ment essentiel de nos r\u00e9unions hebdomadaires du mardi soir et des grands \u00e9v\u00e9nements.<\/p>\n<figure id=\"attachment_4539\" aria-describedby=\"caption-attachment-4539\" style=\"width: 768px\" class=\"wp-caption alignnone\"><a href=\"https:\/\/www.museebolo.ch\/wp-content\/uploads\/2018\/07\/446503196_109448.jpg\"><img decoding=\"async\" class=\"wp-image-4539 size-large\" src=\"https:\/\/www.museebolo.ch\/wp-content\/uploads\/2018\/07\/446503196_109448-768x1024.jpg\" alt=\"Notre nouveau frigo, un don de la soci\u00e9t\u00e9 Navixia\" width=\"768\" height=\"1024\" srcset=\"https:\/\/www.museebolo.ch\/wp-content\/uploads\/2018\/07\/446503196_109448-768x1024.jpg 768w, https:\/\/www.museebolo.ch\/wp-content\/uploads\/2018\/07\/446503196_109448-225x300.jpg 225w, https:\/\/www.museebolo.ch\/wp-content\/uploads\/2018\/07\/446503196_109448.jpg 900w\" sizes=\"(max-width: 768px) 100vw, 768px\" \/><\/a><figcaption id=\"caption-attachment-4539\" class=\"wp-caption-text\">Notre nouveau r\u00e9frig\u00e9rateur, un don de la soci\u00e9t\u00e9 Navixia<\/figcaption><\/figure>\n<h2>#InspirationBolo<\/h2>\n<p>Nous avons annonc\u00e9 la fin de notre campagne de financement #GoBolo qui s&#8217;est r\u00e9v\u00e9l\u00e9e \u00eatre un succ\u00e8s et qui a donn\u00e9 beaucoup d&#8217;air \u00e0 notre budget, bien qu&#8217;\u00e9prouvante pour nos \u00e9quipes en charge de la communication. Mais tout ce raffut a aussi cr\u00e9\u00e9 des vocations:<\/p>\n<blockquote class=\"twitter-tweet\" data-width=\"550\" data-dnt=\"true\">\n<p lang=\"fr\" dir=\"ltr\">Mon fils a recr\u00e9\u00e9 le Mus\u00e9e Bolo dans sa chambre alors je ne vous dis pas merci pour tous les vieux trucs r\u00e9cup\u00e9r\u00e9s \u00e0 la d\u00e9chetterie <a href=\"https:\/\/twitter.com\/hashtag\/InspirationBolo?src=hash&amp;ref_src=twsrc%5Etfw\">#InspirationBolo<\/a> \ud83d\ude09 <a href=\"https:\/\/t.co\/XwntDOMy2R\">https:\/\/t.co\/XwntDOMy2R<\/a><\/p>\n<p>&mdash; Cleonarda da Venezia (@Cleonarda68) <a href=\"https:\/\/twitter.com\/Cleonarda68\/status\/1012282126790742017?ref_src=twsrc%5Etfw\">June 28, 2018<\/a><\/p><\/blockquote>\n<p><script async src=\"https:\/\/platform.twitter.com\/widgets.js\" charset=\"utf-8\"><\/script><\/p>\n<h2>Travail sur le Fonds Bruno Bonnell<\/h2>\n<p>Le travail d&#8217;inventaire du Fonds Bruno Bonnell a pu avancer encore un peu avec une nouvelle s\u00e9ance de travail le vendredi 8 juin et gr\u00e2ce \u00e0 l&#8217;aide pr\u00e9cieuse du <a href=\"https:\/\/wp.unil.ch\/gamelab\/\">GameLab de l&#8217;UNIL<\/a>. Encore une occasion de d\u00e9couvrir de belles p\u00e9pites de l&#8217;histoire vid\u00e9oludique.<\/p>\n<figure id=\"attachment_4518\" aria-describedby=\"caption-attachment-4518\" style=\"width: 840px\" class=\"wp-caption alignnone\"><a href=\"https:\/\/www.museebolo.ch\/wp-content\/uploads\/2018\/07\/alone_in_the_dark_pay_as_you_play.jpg\"><img decoding=\"async\" class=\"wp-image-4518 size-large\" src=\"https:\/\/www.museebolo.ch\/wp-content\/uploads\/2018\/07\/alone_in_the_dark_pay_as_you_play-1024x768.jpg\" alt=\"Alone in the Dark - Pay as you play edition\" width=\"840\" height=\"630\" srcset=\"https:\/\/www.museebolo.ch\/wp-content\/uploads\/2018\/07\/alone_in_the_dark_pay_as_you_play-1024x768.jpg 1024w, https:\/\/www.museebolo.ch\/wp-content\/uploads\/2018\/07\/alone_in_the_dark_pay_as_you_play-300x225.jpg 300w, https:\/\/www.museebolo.ch\/wp-content\/uploads\/2018\/07\/alone_in_the_dark_pay_as_you_play-768x576.jpg 768w, https:\/\/www.museebolo.ch\/wp-content\/uploads\/2018\/07\/alone_in_the_dark_pay_as_you_play.jpg 1600w\" sizes=\"(max-width: 840px) 100vw, 840px\" \/><\/a><figcaption id=\"caption-attachment-4518\" class=\"wp-caption-text\">Alone in the Dark &#8211; Pay as you play edition<\/figcaption><\/figure>\n<figure id=\"attachment_4519\" aria-describedby=\"caption-attachment-4519\" style=\"width: 840px\" class=\"wp-caption alignnone\"><a href=\"https:\/\/www.museebolo.ch\/wp-content\/uploads\/2018\/07\/north_and_south.jpg\"><img decoding=\"async\" class=\"wp-image-4519 size-large\" src=\"https:\/\/www.museebolo.ch\/wp-content\/uploads\/2018\/07\/north_and_south-1024x768.jpg\" alt=\"Bon \u00e0 tirer pour North &amp; South\" width=\"840\" height=\"630\" srcset=\"https:\/\/www.museebolo.ch\/wp-content\/uploads\/2018\/07\/north_and_south-1024x768.jpg 1024w, https:\/\/www.museebolo.ch\/wp-content\/uploads\/2018\/07\/north_and_south-300x225.jpg 300w, https:\/\/www.museebolo.ch\/wp-content\/uploads\/2018\/07\/north_and_south-768x576.jpg 768w, https:\/\/www.museebolo.ch\/wp-content\/uploads\/2018\/07\/north_and_south.jpg 1200w\" sizes=\"(max-width: 840px) 100vw, 840px\" \/><\/a><figcaption id=\"caption-attachment-4519\" class=\"wp-caption-text\">Bon \u00e0 tirer pour North &amp; South<\/figcaption><\/figure>\n<figure id=\"attachment_4521\" aria-describedby=\"caption-attachment-4521\" style=\"width: 840px\" class=\"wp-caption alignnone\"><a href=\"https:\/\/www.museebolo.ch\/wp-content\/uploads\/2018\/07\/chaos_control.jpg\"><img decoding=\"async\" class=\"wp-image-4521 size-large\" src=\"https:\/\/www.museebolo.ch\/wp-content\/uploads\/2018\/07\/chaos_control-1024x768.jpg\" alt=\"Quelques exemples de Chaos Control sur PC\" width=\"840\" height=\"630\" srcset=\"https:\/\/www.museebolo.ch\/wp-content\/uploads\/2018\/07\/chaos_control-1024x768.jpg 1024w, https:\/\/www.museebolo.ch\/wp-content\/uploads\/2018\/07\/chaos_control-300x225.jpg 300w, https:\/\/www.museebolo.ch\/wp-content\/uploads\/2018\/07\/chaos_control-768x576.jpg 768w, https:\/\/www.museebolo.ch\/wp-content\/uploads\/2018\/07\/chaos_control.jpg 1600w\" sizes=\"(max-width: 840px) 100vw, 840px\" \/><\/a><figcaption id=\"caption-attachment-4521\" class=\"wp-caption-text\">Quelques exemplaires de Chaos Control sur PC<\/figcaption><\/figure>\n<p>Le reste des photos prises par le GameLab sont \u00e0 retrouver dans la discussion Twitter suivante:<\/p>\n<blockquote class=\"twitter-tweet\" data-width=\"550\" data-dnt=\"true\">\n<p lang=\"fr\" dir=\"ltr\">Nouvel journ\u00e9e d&#39;inventaire du fonds Infogrames &#8211; Bruno Bonnell <a href=\"https:\/\/twitter.com\/hashtag\/uniljv?src=hash&amp;ref_src=twsrc%5Etfw\">#uniljv<\/a> <a href=\"https:\/\/twitter.com\/museebolo?ref_src=twsrc%5Etfw\">@museebolo<\/a> <a href=\"https:\/\/t.co\/ucttKbJRHY\">pic.twitter.com\/ucttKbJRHY<\/a><\/p>\n<p>&mdash; UNIL Gamelab (@UNILGameLab) <a href=\"https:\/\/twitter.com\/UNILGameLab\/status\/1004998376021286912?ref_src=twsrc%5Etfw\">June 8, 2018<\/a><\/p><\/blockquote>\n<p><script async src=\"https:\/\/platform.twitter.com\/widgets.js\" charset=\"utf-8\"><\/script><\/p>\n<h2>\ud83d\udc20 \uff33\uff25\uff27\uff21\u300c\uff26\uff49\uff53\uff48 \uff2c\uff49\uff46\uff45\u300d<\/h2>\n<p>Les efforts de pr\u00e9servation continuent sur la SEGA Fish Life, l&#8217;aquarium virtuel d\u00e9velopp\u00e9 par SEGA au d\u00e9but des ann\u00e9es 2000 en utilisant comme base mat\u00e9rielle la console SEGA <a href=\"https:\/\/fr.wikipedia.org\/wiki\/Dreamcast\">Dreamcast<\/a>. Nous travaillons avec la communaut\u00e9 Dreamcast, encore tr\u00e8s active, pour \u00eatre s\u00fbrs d&#8217;exploiter au maximum ce mat\u00e9riel et logiciel d&#8217;exception.<\/p>\n<blockquote class=\"twitter-tweet\" data-width=\"550\" data-dnt=\"true\">\n<p lang=\"en\" dir=\"ltr\">We&#39;ve been working with the <a href=\"https:\/\/twitter.com\/hashtag\/Dreamcast?src=hash&amp;ref_src=twsrc%5Etfw\">#Dreamcast<\/a> community (<a href=\"https:\/\/twitter.com\/sizious?ref_src=twsrc%5Etfw\">@sizious<\/a>, <a href=\"https:\/\/twitter.com\/jc_dcdev?ref_src=twsrc%5Etfw\">@jc_dcdev<\/a>, FamilyGuy et al.) to make the <a href=\"https:\/\/twitter.com\/hashtag\/SEGA?src=hash&amp;ref_src=twsrc%5Etfw\">#SEGA<\/a> Fish Life Amazon software run in emulator. More to come! <a href=\"https:\/\/twitter.com\/hashtag\/fishlife?src=hash&amp;ref_src=twsrc%5Etfw\">#fishlife<\/a> <a href=\"https:\/\/t.co\/NYVr913SD2\">pic.twitter.com\/NYVr913SD2<\/a><\/p>\n<p>&mdash; Mus\u00e9e Bolo (@museebolo) <a href=\"https:\/\/twitter.com\/museebolo\/status\/1016253708701765632?ref_src=twsrc%5Etfw\">July 9, 2018<\/a><\/p><\/blockquote>\n<p><script async src=\"https:\/\/platform.twitter.com\/widgets.js\" charset=\"utf-8\"><\/script><\/p>\n<h2>\u00c7a s&#8217;est pass\u00e9 chez nos amis<\/h2>\n<p>Le Mus\u00e9e Bolo a pu pr\u00eater quelques pi\u00e8ces de sa collection pour accessoiriser la web-s\u00e9rie <em>#Seniors <\/em>de la RTS. <a href=\"https:\/\/www.rts.ch\/play\/tv\/emission\/seniors?id=9517680&amp;station=a9e7621504c6959e35c3ecbe7f6bed0446cdf8da\">A voir par ici<\/a>.<\/p>\n<p>Yves Bolognini a publi\u00e9 sur son blog du Temps <a href=\"https:\/\/blogs.letemps.ch\/yves-bolognini\/2018\/07\/12\/souvenirs-et-perspectives-du-musee-bolo\/\">un article <span id=\"ember5608\" class=\"ember-view\">sur l&#8217;histoire du <\/span><span data-entity-hovercard-id=\"urn:li:fs_miniCompany:10600547\">Mus\u00e9e Bolo<\/span><span id=\"ember5613\" class=\"ember-view\"> et son avenir.<\/span> <\/a><\/p>\n<p>Nos amis de l&#8217;association <a href=\"http:\/\/www.pixels-association.ch\/\">Pixels<\/a> ont, depuis quelques temps d\u00e9j\u00e0, une <a href=\"https:\/\/www.twitch.tv\/pixelsassociation\">cha\u00eene Twitch que nous vous invitons \u00e0 d\u00e9couvrir<\/a> et \u00e0 suivre.<\/p>\n<h2>\u00c7a s&#8217;est pass\u00e9 dans le reste du monde<\/h2>\n<p>Parce que nous ne sommes pas les seuls \u00e0 faire de belles choses, quelques liens vers ce que nous avons lu\/vu ces derniers mois:<\/p>\n<ul>\n<li><a href=\"https:\/\/archive.org\/details\/malwaremuseum\">Le Malware Museum<\/a> est une collection de programmes malveillants, g\u00e9n\u00e9ralement des virus, qui ont \u00e9t\u00e9 distribu\u00e9s dans les ann\u00e9es 80 et 90 (en anglais);<\/li>\n<li><a href=\"https:\/\/www.muckrock.com\/news\/archives\/2018\/jul\/03\/cia-ascii\/\">Un article<\/a> sur les archives de la CIA qui nous renseignent sur les difficult\u00e9s d&#8217;impl\u00e9menter la norme ASCII (en anglais);<\/li>\n<li>Un article sur &#8220;<a href=\"http:\/\/www.denofgeek.com\/uk\/tv\/teletext\/58735\/the-life-and-death-of-teletext-and-what-happened-next\">La vie et la mort du t\u00e9l\u00e9texte, et ce qui s&#8217;est pass\u00e9 ensuite<\/a>&#8221; (en anglais).<\/li>\n<\/ul>\n","protected":false},"excerpt":{"rendered":"<p>Nous continuons nos efforts de communication en publiant, comme nous le faisons maintenant depuis le d\u00e9but de l&#8217;ann\u00e9e 2018, le rapport d&#8217;avancement bimestriel des diff\u00e9rentes activit\u00e9s du Mus\u00e9e Bolo et de l&#8217;association aBCM.<\/p>\n","protected":false},"author":12,"featured_media":4530,"comment_status":"closed","ping_status":"closed","sticky":false,"template":"","format":"standard","meta":{"footnotes":""},"categories":[18],"tags":[],"class_list":["post-4515","post","type-post","status-publish","format-standard","has-post-thumbnail","hentry","category-activites-des-amis"],"_links":{"self":[{"href":"https:\/\/www.museebolo.ch\/en\/wp-json\/wp\/v2\/posts\/4515","targetHints":{"allow":["GET"]}}],"collection":[{"href":"https:\/\/www.museebolo.ch\/en\/wp-json\/wp\/v2\/posts"}],"about":[{"href":"https:\/\/www.museebolo.ch\/en\/wp-json\/wp\/v2\/types\/post"}],"author":[{"embeddable":true,"href":"https:\/\/www.museebolo.ch\/en\/wp-json\/wp\/v2\/users\/12"}],"replies":[{"embeddable":true,"href":"https:\/\/www.museebolo.ch\/en\/wp-json\/wp\/v2\/comments?post=4515"}],"version-history":[{"count":11,"href":"https:\/\/www.museebolo.ch\/en\/wp-json\/wp\/v2\/posts\/4515\/revisions"}],"predecessor-version":[{"id":6484,"href":"https:\/\/www.museebolo.ch\/en\/wp-json\/wp\/v2\/posts\/4515\/revisions\/6484"}],"wp:featuredmedia":[{"embeddable":true,"href":"https:\/\/www.museebolo.ch\/en\/wp-json\/wp\/v2\/media\/4530"}],"wp:attachment":[{"href":"https:\/\/www.museebolo.ch\/en\/wp-json\/wp\/v2\/media?parent=4515"}],"wp:term":[{"taxonomy":"category","embeddable":true,"href":"https:\/\/www.museebolo.ch\/en\/wp-json\/wp\/v2\/categories?post=4515"},{"taxonomy":"post_tag","embeddable":true,"href":"https:\/\/www.museebolo.ch\/en\/wp-json\/wp\/v2\/tags?post=4515"}],"curies":[{"name":"wp","href":"https:\/\/api.w.org\/{rel}","templated":true}]}}