{"id":5205,"date":"2013-11-17T17:13:01","date_gmt":"2013-11-17T16:13:01","guid":{"rendered":"https:\/\/www.museebolo.ch\/?p=757"},"modified":"2025-07-22T12:04:23","modified_gmt":"2025-07-22T10:04:23","slug":"757-2","status":"publish","type":"post","link":"https:\/\/www.museebolo.ch\/en\/757-2\/","title":{"rendered":"Vid\u00e9o de la conf\u00e9rence &#8220;L&#8217;histoire des superordinateurs&#8221;, pr\u00e9sent\u00e9e par le Dr. Vincent Keller"},"content":{"rendered":"<p>A l&#8217;occasion de l&#8217;\u00e9v\u00e9nement &#8220;La Nuit des mus\u00e9es 2013 Lausanne, Pully&#8221;, le Dr Vincent Keller, expert applicatif HPC, a pr\u00e9sent\u00e9 la conf\u00e9rence &#8220;L&#8217;histoire des superordinateurs&#8221;. Cette conf\u00e9rence a \u00e9t\u00e9 film\u00e9e et se trouve d\u00e8s \u00e0 pr\u00e9sent sur notre <a href=\"https:\/\/www.youtube.com\/channel\/UCNIdFGDFzG7fBVtz8On5Shw\">canal Youtube<\/a>.<\/p>\n<p><iframe title=\"Nuit des Mus\u00e9es 2013 - Vincent Keller - Les Superordinateurs\" width=\"840\" height=\"473\" src=\"https:\/\/www.youtube.com\/embed\/U9rIQheEAhM?feature=oembed&#038;width=840&#038;height=1000&#038;discover=1\" frameborder=\"0\" allow=\"accelerometer; autoplay; encrypted-media; gyroscope; picture-in-picture\" allowfullscreen><\/iframe><\/p>\n<p><em>Encore merci \u00e0 Vincent de nous avoir permis de publier cette vid\u00e9o.<\/em><\/p>\n","protected":false},"excerpt":{"rendered":"<p>A l&#8217;occasion de l&#8217;\u00e9v\u00e9nement &#8220;La Nuit des mus\u00e9es 2013 Lausanne, Pully&#8221;, le Dr Vincent Keller, expert applicatif HPC, a pr\u00e9sent\u00e9 la conf\u00e9rence &#8220;L&#8217;histoire des superordinateurs&#8221;. Cette conf\u00e9rence a \u00e9t\u00e9 film\u00e9e et se trouve d\u00e8s \u00e0 pr\u00e9sent sur notre canal Youtube.<\/p>\n","protected":false},"author":4,"featured_media":6561,"comment_status":"open","ping_status":"closed","sticky":false,"template":"","format":"standard","meta":{"footnotes":""},"categories":[10],"tags":[272,65],"class_list":["post-5205","post","type-post","status-publish","format-standard","has-post-thumbnail","hentry","category-nuit_musees","tag-conference","tag-superordinateur"],"_links":{"self":[{"href":"https:\/\/www.museebolo.ch\/en\/wp-json\/wp\/v2\/posts\/5205","targetHints":{"allow":["GET"]}}],"collection":[{"href":"https:\/\/www.museebolo.ch\/en\/wp-json\/wp\/v2\/posts"}],"about":[{"href":"https:\/\/www.museebolo.ch\/en\/wp-json\/wp\/v2\/types\/post"}],"author":[{"embeddable":true,"href":"https:\/\/www.museebolo.ch\/en\/wp-json\/wp\/v2\/users\/4"}],"replies":[{"embeddable":true,"href":"https:\/\/www.museebolo.ch\/en\/wp-json\/wp\/v2\/comments?post=5205"}],"version-history":[{"count":3,"href":"https:\/\/www.museebolo.ch\/en\/wp-json\/wp\/v2\/posts\/5205\/revisions"}],"predecessor-version":[{"id":6562,"href":"https:\/\/www.museebolo.ch\/en\/wp-json\/wp\/v2\/posts\/5205\/revisions\/6562"}],"wp:featuredmedia":[{"embeddable":true,"href":"https:\/\/www.museebolo.ch\/en\/wp-json\/wp\/v2\/media\/6561"}],"wp:attachment":[{"href":"https:\/\/www.museebolo.ch\/en\/wp-json\/wp\/v2\/media?parent=5205"}],"wp:term":[{"taxonomy":"category","embeddable":true,"href":"https:\/\/www.museebolo.ch\/en\/wp-json\/wp\/v2\/categories?post=5205"},{"taxonomy":"post_tag","embeddable":true,"href":"https:\/\/www.museebolo.ch\/en\/wp-json\/wp\/v2\/tags?post=5205"}],"curies":[{"name":"wp","href":"https:\/\/api.w.org\/{rel}","templated":true}]}}